{"id":1764,"date":"2017-04-30T11:29:00","date_gmt":"2017-04-30T09:29:00","guid":{"rendered":"http:\/\/www.nutrirsi.net\/wp\/index.php\/2017\/04\/30\/i-veri-motivi-delle-patologie\/"},"modified":"2021-04-29T23:54:11","modified_gmt":"2021-04-29T21:54:11","slug":"i-veri-motivi-delle-patologie","status":"publish","type":"post","link":"https:\/\/www.nutrirsi.net\/?p=1764","title":{"rendered":"I VERI MOTIVI DELLE PATOLOGIE"},"content":{"rendered":"<div style=\"background-color: white;font-family: Verdana, Geneva, sans-serif;margin-bottom: 2em\">\n<div>\n<div>\n<div style=\"min-height: 0px\">\n<div style=\"clear: both;color: #222222;text-align: center\"><\/div>\n<h3 style=\"margin: 20px 0px 0px\">\n<div style=\"background-attachment: initial;background-image: initial;background-position: initial;background-size: initial;color: #222222;line-height: normal;margin-bottom: 4.5pt;text-align: justify\"><span style=\"color: #660000;, serif;font-size: large\">Le malattie degli ultra-cinquantenni non sono affatto dovute, come si tende a voler far pensare, all\u2019et\u00e0 che avanza, ma al fatto che sono decenni che la persona si nutre al di sotto dei fabbisogni anabolici tra colazione e pranzo.<\/span><\/div>\n<div style=\"color: #222222;line-height: normal;text-align: justify\"><span style=\"background-attachment: initial;background-image: initial;background-position: initial;background-size: initial;color: #141823;, serif\"><span style=\"font-size: large\">Per chiunque muoia prima del suo vero natural momento, che non sia addormentarsi per l\u2019ultima volta per consunzione (il fisiologico spegnersi del corpo senza malattia), si deve considerare la perpetrazione di un omicidio o di favoreggiamento di&nbsp; un suicidio\u2026 o anche di entrambi\u2026<\/span><\/span><\/div>\n<div style=\"color: #222222;line-height: normal;text-align: justify\"><a href=\"http:\/\/3.bp.blogspot.com\/-zLMRVAm2ARo\/WL5jksDYYrI\/AAAAAAAAAFY\/JgJ3stTRic8zP-bgVwdF12KuXZRHTDnKwCK4B\/s1600\/copertina%2B2.jpg\" style=\"clear: left;color: #b87209;float: left;font-family: helvetica, arial, sans-serif;font-size: 14px;font-weight: normal;margin-bottom: 1em;margin-right: 1em;text-align: center\"><img border=\"0\" src=\"https:\/\/3.bp.blogspot.com\/-zLMRVAm2ARo\/WL5jksDYYrI\/AAAAAAAAAFY\/JgJ3stTRic8zP-bgVwdF12KuXZRHTDnKwCK4B\/s1600\/copertina%2B2.jpg\" style=\"border: none\" \/><\/a><span style=\"background-attachment: initial;background-image: initial;background-position: initial;background-size: initial;color: #141823;, serif\"><\/span><\/div>\n<div style=\"margin-bottom: 0.0001pt;text-align: justify\"><span style=\"font-size: large\"><span style=\"color: #274e13\"><b><span style=\"background-attachment: initial;background-image: initial;background-position: initial;background-size: initial;, serif\">Dal libro INIZIAZIONE ALLA DIETA BIO-SOFICA &#8211; Sulle orme dell&#8217;Ovo Sapiens<\/span><\/b><span style=\"background-attachment: initial;background-image: initial;background-position: initial;background-size: initial;, serif\">:<\/span><\/span><span style=\", serif\"><span style=\"color: #274e13\">&nbsp;\u00c8 da ricordare che un essere umano consapevole, ben nutrito e ben integrato nel proprio ambiente, pu\u00f2 morire solo per consunzione anche ultra-centenario: il rinnovamento cellulare tende naturalmente a essere sempre pi\u00f9 lento fino a spegnersi, senza malattie, senza cure, senza sofferenza, come in un sogno&nbsp; e con tanto fertile vissuto disseminato in forma di esempi e di conoscenze che esaltano l\u2019Essere. \u00c8 interessante, a tal proposito, riferirsi agli studi di B. Spencer e F.J. Gillen su trib\u00f9 aborigene australiane, evidenziati da E. Cassirer, relativamente al concetto che l\u2019essere primitivo aveva e ha della vita: la sensazione dell\u2019indistruttibile unit\u00e0 dell\u2019esistenza risulta cos\u00ec potente da fargli negare la realt\u00e0 della morte. La vita \u00e8 concepita senza limiti di tempo e di spazio, continuandosi nell\u2019intero regno della Natura e lungo la storia.&nbsp; La morte, nel pensiero del primitivo, pu\u00f2 essere provocata solo da una causa nemica e, dunque, spesso voluta anche da un proprio simile. Se riflettiamo su queste componenti, possiamo riportarci alla realt\u00e0 attuale, ben palese, ma, comunque, non rilevata dai pi\u00f9: anche le patologie e la morte prematura, a esse correlata, sono sempre cagionate sugli esseri umani dai loro simili che, con informazioni distorte, condizionamenti psico-sociali, deturpazione ambientale, opportunismi commerciali, bombardamenti farmacologici, comunicazione aberrante o inesistente, inquinano la biochimica, le motivazioni esistenziali, le capacit\u00e0 di percezione e di oggettiva efficacia psico-fisica degli individui, portandoli alla malattia e alla \u201cmorte\u201d.<\/span><\/span><\/span><\/div>\n<p><span style=\"color: #222222;font-size: large\"><\/p>\n<div style=\"text-align: justify\">Pertanto, il tipo di societ\u00e0, in netto contrasto con le reali predisposizioni umane, favorita dagli opportunismi politici, insieme alle subdolamente mirate informazioni penalizzanti provenienti dal mondo medico, rappresentano la forbice esistenziale, dalla quale traiettoria d\u2019azione ogni umano attuale con ancora un minimo di dignit\u00e0 dovrebbe trovare, con la conoscenza, la forza per sottrarsi.<\/p>\n<\/div>\n<p><\/span><\/p>\n<div style=\"color: #222222;line-height: normal;text-align: justify\"><a href=\"http:\/\/1.bp.blogspot.com\/-zOD6QKLWqjg\/WQW_KCKVEFI\/AAAAAAAAAGY\/WRWJYDNpoIsvyPH879MmPLanBJoDb9w7wCK4B\/s1600\/Ovo%2BSapiens%2BSuper%2B%25281%2529.jpg\" style=\"clear: left;float: left;margin-bottom: 1em;margin-right: 1em\"><img loading=\"lazy\" border=\"0\" height=\"228\" src=\"https:\/\/1.bp.blogspot.com\/-zOD6QKLWqjg\/WQW_KCKVEFI\/AAAAAAAAAGY\/WRWJYDNpoIsvyPH879MmPLanBJoDb9w7wCK4B\/s320\/Ovo%2BSapiens%2BSuper%2B%25281%2529.jpg\" width=\"320\" \/><\/a><b style=\"font-size: x-large\"><span style=\"color: #141823;, serif\"><\/span><\/b><\/div>\n<p><span style=\"color: #222222;font-size: large\"><b style=\"text-align: justify\"><span style=\"color: black;, serif;line-height: 115%\">SE NON TI NUTRI NON RIPARI LE FALLE<\/span><\/b> <\/span><\/p>\n<div style=\"color: #222222;text-align: justify\"><span style=\"color: #141823;, serif;line-height: 115%\"><span style=\"font-size: large\">Su un terreno disastrato dalle cosiddette educazione e cultura trova il giusto ambiente il germe dello stress. Il martellamento su questioni problematiche e sulla necessit\u00e0 di dover fronteggiare continuamente ostacoli relativi alla propria condizione sociale sempre in bilico, nonch\u00e9 la reale difficolt\u00e0 in cui la maggior parte delle persone si ritrova quotidianamente per resistere economicamente&nbsp; al passo con un sistema di produzione-consumo fortemente sbilanciato e frustrante, sono elementi che innescano condizioni ormonali debilitanti, attraverso l\u2019incremento del cortisolo, detto, dagli studi di Selye, ormone dello stress, il quale riduce la sintesi proteica, limitando la rigenerazione di cellule e sostanze attive logore, predisponendo a scarsa reattivit\u00e0 psichica, spossatezza cronica e a disfunzione organica.<\/span><\/span><\/div>\n<div style=\"color: #222222;text-align: justify\"><a href=\"http:\/\/3.bp.blogspot.com\/-zLMRVAm2ARo\/WL5jksDYYrI\/AAAAAAAAAFY\/JgJ3stTRic8zP-bgVwdF12KuXZRHTDnKwCK4B\/s1600\/copertina%2B2.jpg\" style=\"clear: left;color: #b87209;float: left;font-family: helvetica, arial, sans-serif;font-size: 14px;font-weight: normal;margin-bottom: 1em;margin-right: 1em;text-align: center\"><br \/><\/a><span style=\"color: #141823;, serif;line-height: 115%\"><\/span><\/div>\n<div style=\"color: #222222;text-align: justify\"><span style=\"color: #141823;, serif;line-height: 115%\"><span style=\"font-size: large\">A questo si aggiunge la caotica informazione su quella che sarebbe una necessaria congrua nutrizione. Il messaggio pi\u00f9 fortemente proposto, se si vuol essere in forma e star bene in salute, \u00e8 quello di dover limitare gli apporti nutritivi e di fare molta attivit\u00e0 fisica, due condizioni che, seguendo una vera logica, fanno a cazzotti tra loro.&nbsp;<\/span><\/span><\/div>\n<\/h3>\n<h2 style=\"text-align: justify\"><span style=\"font-size: large\"><span style=\"color: #274e13\"><span style=\", serif;line-height: 115%\">La biochimica umana degli anni \u201950-\u201870, quella vera e inconfutabile, motivo di premi Nobel a suo tempo, ha dimostrato che la rigenerazione di cellule e sostanze attive, ovvero l\u2019anabolismo umano, \u00e8 maggiore nella mattinata (colazione e pranzo) e che, inoltre, sono i deficit nutritivi in questa fase della giornata (tra l\u2019altro proprio quella in cui la gente \u00e8 maggiormente sballottata e trafelata da impegni per la sopravvivenza), e non il troppo mangiare<\/span><b><span style=\", serif;line-height: 115%\">,<\/span><\/b><\/span><span style=\", serif;line-height: 115%\"><span style=\"color: #274e13\">a provocare obesit\u00e0 e malattie<\/span><span style=\"color: #351c75\">.<\/span><\/span><span style=\"color: #141823;, serif;line-height: 115%\">&nbsp;<\/span><\/span><\/h2>\n<h2 style=\"text-align: justify\"><span style=\"font-size: large\"><span style=\"color: #141823;, serif;line-height: 115%\">Invece, il&nbsp; pensiero indotto, attualmente dilagante nelle popolazioni, \u00e8 quello di dover limitare le calorie, con la conseguenza di un disordine alimentare dato da fame compensativa e di un consumo di cibi detto \u201cspazzatura\u201d senza potere nutritivo, tra l\u2019altro abilmente propagandati dagli sponsor. Questa base di forti squilibri fisiologici non fa che incrementare i livelli di stress cronico tra la gente.&nbsp;<\/span><\/span><\/h2>\n<div style=\"color: #222222;text-align: justify\"><span style=\"color: #141823;, serif;line-height: 115%\"><span style=\"font-size: large\"><b>Inoltre, \u00e8 lo stesso stress di fondo, in una sorta di circolo vizioso, che fa passare in secondo piano la tendenza a nutrirsi in modo completo.<\/b><\/span><\/span><\/div>\n<div style=\"color: #222222;text-align: justify\"><span style=\"color: #141823;, serif;line-height: 115%\"><span style=\"font-size: large\"><b><br \/><\/b><\/span><\/span><\/div>\n<div style=\"color: #222222;text-align: justify\"><span style=\"color: black;, serif;line-height: 115%\"><span style=\"font-size: large\"><b>La nutrizione completa diviene fondamentale per \u201criparare\u201d i danni provenienti dalla sponda nervosa, che per tanti \u201clottatori sociali\u201d, solo raramente colloca in uno stato mentale ideale. Inoltre, non avere deficit nutritivi mattutini pu\u00f2 rendere pi\u00f9 efficace e veritiero il filtro che frapponiamo alle vicissitudini, sia per l\u2019apporto di sostanze che magnificano l\u2019attendibilit\u00e0 dei recettori nervosi, sia per la maggiore energia disponibile, la quale, come abbiamo visto, \u00e8 l\u2019elemento imprescindibile per discriminare i messaggi ambientali e sociali e gli eventi in un\u2019ottica quanto pi\u00f9 realistica, evolutiva e costruttiva, e non caotica o deviante o distruttiva, per l\u2019individuo.<\/b><\/span><span style=\"font-size: small\"><\/span><\/span><\/div>\n<div style=\"color: #222222;text-align: justify\"><span style=\"color: black;, serif;line-height: 115%\"><span style=\"font-size: large\"><br \/><\/span><\/span><\/div>\n<div style=\"background-attachment: initial;background-image: initial;background-position: initial;background-size: initial;color: #222222;line-height: normal;margin-bottom: 4.5pt;text-align: justify\"><a href=\"http:\/\/3.bp.blogspot.com\/-zLMRVAm2ARo\/WL5jksDYYrI\/AAAAAAAAAFY\/JgJ3stTRic8zP-bgVwdF12KuXZRHTDnKwCK4B\/s1600\/copertina%2B2.jpg\" style=\"clear: left;color: #b87209;float: left;font-family: helvetica, arial, sans-serif;font-size: 14px;font-weight: normal;margin-bottom: 1em;margin-right: 1em;text-align: center\"><br \/><\/a><\/div>\n<div style=\"background-attachment: initial;background-image: initial;background-position: initial;background-size: initial;color: #222222;line-height: normal;margin-bottom: 4.5pt;text-align: justify\"><a href=\"http:\/\/3.bp.blogspot.com\/-CLAoR_0P6vs\/WQW-WvIVORI\/AAAAAAAAAGM\/b4SZeY9FZZY7GHVVP9hAQFAWFHvpbtaSwCK4B\/s1600\/Ovo%2BSapiens%2Bgetta%2Ble%2Bmedicine%2B%25282%2529.jpg\" style=\"clear: right;float: right;, serif;font-size: x-large;font-weight: bold;margin-bottom: 1em;margin-left: 1em\"><img loading=\"lazy\" border=\"0\" height=\"228\" src=\"https:\/\/3.bp.blogspot.com\/-CLAoR_0P6vs\/WQW-WvIVORI\/AAAAAAAAAGM\/b4SZeY9FZZY7GHVVP9hAQFAWFHvpbtaSwCK4B\/s320\/Ovo%2BSapiens%2Bgetta%2Ble%2Bmedicine%2B%25282%2529.jpg\" width=\"320\" \/><\/a><a href=\"http:\/\/3.bp.blogspot.com\/-CLAoR_0P6vs\/WQW-WvIVORI\/AAAAAAAAAGM\/b4SZeY9FZZY7GHVVP9hAQFAWFHvpbtaSwCK4B\/s1600\/Ovo%2BSapiens%2Bgetta%2Ble%2Bmedicine%2B%25282%2529.jpg\" style=\"clear: left;float: left;, serif;font-size: x-large;font-weight: bold;margin-bottom: 1em;margin-right: 1em\"><br \/><\/a><span style=\"font-size: large\"><b><span style=\"color: #141823;, serif\">Se l\u2019anabolismo, ovvero la<\/span><\/b><\/span><br \/><span style=\"font-size: large\"><b><span style=\"color: #141823;, serif\">ricostruzione cellulare di tutti gli organi e delle sostanze attive, \u00e8 maggiore nella prima parte della giornata, e se proprio in questa fase del giorno si finisce con il sottonutrirsi, arrangiandosi con pasti incompleti, frugali o, quantomeno, di contenuto mediocre, e se l\u2019alimento principe, l\u2019uovo, che magnifica tale anabolismo, \u00e8 consumato con scarsa frequenza in certe fasce orarie, nel tempo non si pu\u00f2 che accusare una inesorabile riduzione della disponibilit\u00e0 di cellule altamente funzionali. Ci\u00f2 si manifesta a partire dalla pelle, il cui afflosciamento <\/span><span style=\", serif\">\u00e8 il primo indice di decadimento, per interessare poi i muscoli e, per finire,<span style=\"color: #141823\"> le ossa e gli organi interni, a cui l\u2019organismo d\u00e0 la priorit\u00e0 di ricostruzione, per motivi di sopravvivenza, rispetto agli altri tessuti meno determinanti.&nbsp;<\/span><\/span><\/b><\/span><b style=\"color: #660000;, serif\"><span style=\"font-size: large\">Con il reiterarsi dei deficit nutritivi mattutini, negli anni, per\u00f2, il corpo finir\u00e0 con il non poter mettere \u201cpezze\u201d nemmeno agli organi interni, predisponendo alle patologie, alle quali la \u201cSanit\u00e0\u201d, poi, opporr\u00e0 diete restrittive, che debiliteranno ulteriormente, e farmaci che copriranno parzialmente i sintomi, ma che non salderanno le crepe incipienti e non fermeranno la produzione di altri zombi circolanti.<\/span><\/b><\/div>\n<div style=\"background-attachment: initial;background-image: initial;background-position: initial;background-size: initial;line-height: normal;margin-bottom: 4.5pt;text-align: justify\"><span style=\"color: #660000\"><b><br \/><\/b><\/span><\/div>\n<div style=\"color: #222222;font-size: 13px\"><b>STUDIO DI DIETA BIO-SOFICA<\/b><\/div>\n<div style=\"color: #222222;font-size: 13px\"><b>VIA DIOCLEZIANO, 86 &#8211; NAPOLI &#8211; TE. 081 416275 &#8211; 347 7534243<\/b><\/div>\n<div style=\"color: #222222;font-size: 13px\"><b>e. mail &nbsp;giovanni.moscarella@tin.it<\/b><\/div>\n<div style=\"color: #222222;font-size: 13px;line-height: 1.4;width: 570px\"><\/p>\n<div style=\"clear: both\"><\/div>\n<\/div>\n<div style=\"color: #222222;font-size: 13px;line-height: 1.6;margin: 0.5em 0px\">\n<div><span style=\"margin-left: 0px;margin-right: 1em\"><\/span><\/div>\n<\/div>\n<\/div>\n<\/div>\n<\/div>\n<\/div>\n","protected":false},"excerpt":{"rendered":"<p>Le malattie degli ultra-cinquantenni non sono affatto dovute, come si tende a voler far pensare, all\u2019et\u00e0 che avanza, ma al fatto che sono decenni che la persona si nutre al&hellip;<\/p>\n","protected":false},"author":990002,"featured_media":0,"comment_status":"open","ping_status":"closed","sticky":false,"template":"","format":"standard","meta":[],"categories":[76],"tags":[],"_links":{"self":[{"href":"https:\/\/www.nutrirsi.net\/index.php?rest_route=\/wp\/v2\/posts\/1764"}],"collection":[{"href":"https:\/\/www.nutrirsi.net\/index.php?rest_route=\/wp\/v2\/posts"}],"about":[{"href":"https:\/\/www.nutrirsi.net\/index.php?rest_route=\/wp\/v2\/types\/post"}],"author":[{"embeddable":true,"href":"https:\/\/www.nutrirsi.net\/index.php?rest_route=\/wp\/v2\/users\/990002"}],"replies":[{"embeddable":true,"href":"https:\/\/www.nutrirsi.net\/index.php?rest_route=%2Fwp%2Fv2%2Fcomments&post=1764"}],"version-history":[{"count":2,"href":"https:\/\/www.nutrirsi.net\/index.php?rest_route=\/wp\/v2\/posts\/1764\/revisions"}],"predecessor-version":[{"id":2195,"href":"https:\/\/www.nutrirsi.net\/index.php?rest_route=\/wp\/v2\/posts\/1764\/revisions\/2195"}],"wp:attachment":[{"href":"https:\/\/www.nutrirsi.net\/index.php?rest_route=%2Fwp%2Fv2%2Fmedia&parent=1764"}],"wp:term":[{"taxonomy":"category","embeddable":true,"href":"https:\/\/www.nutrirsi.net\/index.php?rest_route=%2Fwp%2Fv2%2Fcategories&post=1764"},{"taxonomy":"post_tag","embeddable":true,"href":"https:\/\/www.nutrirsi.net\/index.php?rest_route=%2Fwp%2Fv2%2Ftags&post=1764"}],"curies":[{"name":"wp","href":"https:\/\/api.w.org\/{rel}","templated":true}]}}